{"id":1609,"date":"2025-12-09T12:15:05","date_gmt":"2025-12-09T12:15:05","guid":{"rendered":"https:\/\/www.cellinifirenze.edu.it\/?p=1609"},"modified":"2025-12-10T11:26:45","modified_gmt":"2025-12-10T11:26:45","slug":"cerimonia-di-premiazione-marchio-autorita-garante-nazionale-dei-diritti-delle-persone-con-disabilita","status":"publish","type":"post","link":"https:\/\/www.cellinifirenze.edu.it\/index.php\/2025\/12\/09\/cerimonia-di-premiazione-marchio-autorita-garante-nazionale-dei-diritti-delle-persone-con-disabilita\/","title":{"rendered":"Cerimonia di premiazione marchio &#8220;Autorit\u00e0 Garante Nazionale dei diritti delle persone con disabilit\u00e0&#8221;"},"content":{"rendered":"<p>Cerimonia di premiazione marchio &#8220;Autorit\u00e0 Garante Nazionale dei diritti delle persone con disabilit\u00e0&#8221;. \u00c9 con estremo orgoglio che comunichiamo che in data 02 dicembre 2025, in concomitanza della Giornata internazionale delle persone con disabilit\u00e0, si \u00e8 svolta la premiazione a Roma, presso il Ministero dell&#8217;Istruzione e del Merito, alla presenza del Ministro Valditara, del logo istituzionale dell&#8217;Autorit\u00e0 Garante Nazionale dei diritti delle persone con disabilit\u00e0. Al concorso di idee hanno partecipato le studentesse e gli studenti delle classi 4tG e 4H. Dopo un&#8217;attenta selezione interna, sono stati inviati all&#8217;USR 3 loghi prodotti dai nostri studenti. L\u2019USR aveva il compito di inviare un numero massimo di tre proposte rappresentative della Toscana. Sono stati scelti i nostri 3 loghi.<\/p>\n<p>Il Dirigente dell&#8217;ufficio III dell&#8217;USR Neri Serneri si \u00e8 complimentato con il nostro Dirigente Gianni Camici per il livello professionale degli elaborati.<\/p>\n<p>In data 26\/11\/25 il Ministero dell\u2019Istruzione e del Merito, nella figura del Direttore Generale Francesca Carbone, ha comunicato che a seguito degli esiti della commissione di valutazione, il logo dello studente Andrea Boncompagni della classe 4TG con payoff dello studente Samuele Benvenuti e il logo degli studenti Mirjam Marashi, Gabriel Calonaci, Davide Fiore e Lorenzo Calia sono stati selezionati per la fase finale del concorso rientrando tra i 20 finalisti.<\/p>\n<p>Al termine della cerimonia alla scuola IIS Cellini-Tornabuoni \u00e8 stato conferito l\u2019ATTESTATO DI MERITO in qualit\u00e0 di FINALISTI per il lavoro svolto e il valore delle proposte presentate.<\/p>\n<p><a href=\"https:\/\/www.cellinifirenze.edu.it\/wp-content\/uploads\/2025\/12\/Logo-AGNDD.webp\"><img loading=\"lazy\" decoding=\"async\" class=\"aligncenter size-large wp-image-1635\" src=\"https:\/\/www.cellinifirenze.edu.it\/wp-content\/uploads\/2025\/12\/Logo-AGNDD-1024x353.webp\" alt=\"Logo AGNDD 1\" width=\"1024\" height=\"353\" srcset=\"https:\/\/www.cellinifirenze.edu.it\/wp-content\/uploads\/2025\/12\/Logo-AGNDD-1024x353.webp 1024w, https:\/\/www.cellinifirenze.edu.it\/wp-content\/uploads\/2025\/12\/Logo-AGNDD-300x103.webp 300w, https:\/\/www.cellinifirenze.edu.it\/wp-content\/uploads\/2025\/12\/Logo-AGNDD-768x265.webp 768w, https:\/\/www.cellinifirenze.edu.it\/wp-content\/uploads\/2025\/12\/Logo-AGNDD-1536x530.webp 1536w, https:\/\/www.cellinifirenze.edu.it\/wp-content\/uploads\/2025\/12\/Logo-AGNDD-2048x706.webp 2048w, https:\/\/www.cellinifirenze.edu.it\/wp-content\/uploads\/2025\/12\/Logo-AGNDD-600x207.webp 600w\" sizes=\"auto, (max-width: 1024px) 100vw, 1024px\" \/><\/a><\/p>\n\n\t\t<style type=\"text\/css\">\n\t\t\t#gallery-1 {\n\t\t\t\tmargin: auto;\n\t\t\t}\n\t\t\t#gallery-1 .gallery-item {\n\t\t\t\tfloat: left;\n\t\t\t\tmargin-top: 10px;\n\t\t\t\ttext-align: center;\n\t\t\t\twidth: 20%;\n\t\t\t}\n\t\t\t#gallery-1 img {\n\t\t\t\tborder: 2px solid #cfcfcf;\n\t\t\t}\n\t\t\t#gallery-1 .gallery-caption {\n\t\t\t\tmargin-left: 0;\n\t\t\t}\n\t\t\t\/* see gallery_shortcode() in wp-includes\/media.php *\/\n\t\t<\/style>\n\t\t<div id='gallery-1' class='gallery galleryid-1609 gallery-columns-5 gallery-size-thumbnail'><dl class='gallery-item'>\n\t\t\t<dt class='gallery-icon portrait'>\n\t\t\t\t<a href='https:\/\/www.cellinifirenze.edu.it\/wp-content\/uploads\/2025\/12\/Premiazione-Mim-3-scaled.webp'><img loading=\"lazy\" decoding=\"async\" width=\"150\" height=\"150\" src=\"https:\/\/www.cellinifirenze.edu.it\/wp-content\/uploads\/2025\/12\/Premiazione-Mim-3-150x150.webp\" class=\"attachment-thumbnail size-thumbnail\" alt=\"\" srcset=\"https:\/\/www.cellinifirenze.edu.it\/wp-content\/uploads\/2025\/12\/Premiazione-Mim-3-150x150.webp 150w, https:\/\/www.cellinifirenze.edu.it\/wp-content\/uploads\/2025\/12\/Premiazione-Mim-3-280x280.webp 280w\" sizes=\"auto, (max-width: 150px) 100vw, 150px\" \/><\/a>\n\t\t\t<\/dt><\/dl><dl class='gallery-item'>\n\t\t\t<dt class='gallery-icon portrait'>\n\t\t\t\t<a href='https:\/\/www.cellinifirenze.edu.it\/wp-content\/uploads\/2025\/12\/Premiazione-Mim-2-scaled.webp'><img loading=\"lazy\" decoding=\"async\" width=\"150\" height=\"150\" src=\"https:\/\/www.cellinifirenze.edu.it\/wp-content\/uploads\/2025\/12\/Premiazione-Mim-2-150x150.webp\" class=\"attachment-thumbnail size-thumbnail\" alt=\"\" srcset=\"https:\/\/www.cellinifirenze.edu.it\/wp-content\/uploads\/2025\/12\/Premiazione-Mim-2-150x150.webp 150w, https:\/\/www.cellinifirenze.edu.it\/wp-content\/uploads\/2025\/12\/Premiazione-Mim-2-280x280.webp 280w\" sizes=\"auto, (max-width: 150px) 100vw, 150px\" \/><\/a>\n\t\t\t<\/dt><\/dl><dl class='gallery-item'>\n\t\t\t<dt class='gallery-icon landscape'>\n\t\t\t\t<a href='https:\/\/www.cellinifirenze.edu.it\/wp-content\/uploads\/2025\/12\/Premiazione-Mim-1-scaled.webp'><img loading=\"lazy\" decoding=\"async\" width=\"150\" height=\"150\" src=\"https:\/\/www.cellinifirenze.edu.it\/wp-content\/uploads\/2025\/12\/Premiazione-Mim-1-150x150.webp\" class=\"attachment-thumbnail size-thumbnail\" alt=\"\" srcset=\"https:\/\/www.cellinifirenze.edu.it\/wp-content\/uploads\/2025\/12\/Premiazione-Mim-1-150x150.webp 150w, https:\/\/www.cellinifirenze.edu.it\/wp-content\/uploads\/2025\/12\/Premiazione-Mim-1-280x280.webp 280w\" sizes=\"auto, (max-width: 150px) 100vw, 150px\" \/><\/a>\n\t\t\t<\/dt><\/dl><dl class='gallery-item'>\n\t\t\t<dt class='gallery-icon portrait'>\n\t\t\t\t<a href='https:\/\/www.cellinifirenze.edu.it\/wp-content\/uploads\/2025\/12\/Ministero-scaled.webp'><img loading=\"lazy\" decoding=\"async\" width=\"150\" height=\"150\" src=\"https:\/\/www.cellinifirenze.edu.it\/wp-content\/uploads\/2025\/12\/Ministero-150x150.webp\" class=\"attachment-thumbnail size-thumbnail\" alt=\"\" srcset=\"https:\/\/www.cellinifirenze.edu.it\/wp-content\/uploads\/2025\/12\/Ministero-150x150.webp 150w, https:\/\/www.cellinifirenze.edu.it\/wp-content\/uploads\/2025\/12\/Ministero-280x280.webp 280w\" sizes=\"auto, (max-width: 150px) 100vw, 150px\" \/><\/a>\n\t\t\t<\/dt><\/dl><dl class='gallery-item'>\n\t\t\t<dt class='gallery-icon landscape'>\n\t\t\t\t<a href='https:\/\/www.cellinifirenze.edu.it\/wp-content\/uploads\/2025\/12\/Attestato.webp'><img loading=\"lazy\" decoding=\"async\" width=\"150\" height=\"150\" src=\"https:\/\/www.cellinifirenze.edu.it\/wp-content\/uploads\/2025\/12\/Attestato-150x150.webp\" class=\"attachment-thumbnail size-thumbnail\" alt=\"Attestato di merito MIM\" srcset=\"https:\/\/www.cellinifirenze.edu.it\/wp-content\/uploads\/2025\/12\/Attestato-150x150.webp 150w, https:\/\/www.cellinifirenze.edu.it\/wp-content\/uploads\/2025\/12\/Attestato-280x280.webp 280w\" sizes=\"auto, (max-width: 150px) 100vw, 150px\" \/><\/a>\n\t\t\t<\/dt><\/dl><br style=\"clear: both\" \/>\n\t\t<\/div>\n\n","protected":false},"excerpt":{"rendered":"<p>Cerimonia di premiazione marchio &#8220;Autorit\u00e0 Garante Nazionale dei diritti delle persone con disabilit\u00e0&#8221;. \u00c9 con estremo orgoglio che comunichiamo che in data 02 dicembre 2025, in concomitanza della Giornata internazionale delle persone con disabilit\u00e0, si \u00e8 [&hellip;]<\/p>\n","protected":false},"author":13,"featured_media":1612,"comment_status":"closed","ping_status":"closed","sticky":false,"template":"","format":"standard","meta":{"footnotes":""},"tags":[322,356,376],"class_list":["post-1609","post","type-post","status-publish","format-standard","has-post-thumbnail","hentry","tag-alunni","tag-istituto","tag-premi-e-concorsi","tipologia-articolo-articoli"],"_links":{"self":[{"href":"https:\/\/www.cellinifirenze.edu.it\/index.php\/wp-json\/wp\/v2\/posts\/1609","targetHints":{"allow":["GET"]}}],"collection":[{"href":"https:\/\/www.cellinifirenze.edu.it\/index.php\/wp-json\/wp\/v2\/posts"}],"about":[{"href":"https:\/\/www.cellinifirenze.edu.it\/index.php\/wp-json\/wp\/v2\/types\/post"}],"author":[{"embeddable":true,"href":"https:\/\/www.cellinifirenze.edu.it\/index.php\/wp-json\/wp\/v2\/users\/13"}],"replies":[{"embeddable":true,"href":"https:\/\/www.cellinifirenze.edu.it\/index.php\/wp-json\/wp\/v2\/comments?post=1609"}],"version-history":[{"count":9,"href":"https:\/\/www.cellinifirenze.edu.it\/index.php\/wp-json\/wp\/v2\/posts\/1609\/revisions"}],"predecessor-version":[{"id":1636,"href":"https:\/\/www.cellinifirenze.edu.it\/index.php\/wp-json\/wp\/v2\/posts\/1609\/revisions\/1636"}],"wp:featuredmedia":[{"embeddable":true,"href":"https:\/\/www.cellinifirenze.edu.it\/index.php\/wp-json\/wp\/v2\/media\/1612"}],"wp:attachment":[{"href":"https:\/\/www.cellinifirenze.edu.it\/index.php\/wp-json\/wp\/v2\/media?parent=1609"}],"wp:term":[{"taxonomy":"post_tag","embeddable":true,"href":"https:\/\/www.cellinifirenze.edu.it\/index.php\/wp-json\/wp\/v2\/tags?post=1609"}],"curies":[{"name":"wp","href":"https:\/\/api.w.org\/{rel}","templated":true}]}}